{"id":4299,"date":"2023-12-22T10:46:22","date_gmt":"2023-12-22T09:46:22","guid":{"rendered":"https:\/\/austrianoccupationalscience.com\/?p=4299"},"modified":"2024-02-09T16:57:57","modified_gmt":"2024-02-09T15:57:57","slug":"aos-foerdert-den-interdisziplinaeren-diskus-update","status":"publish","type":"post","link":"https:\/\/austrianoccupationalscience.com\/en\/aos-foerdert-den-interdisziplinaeren-diskus-update\/","title":{"rendered":"Interdisciplinary Discourse in Occupational Science - Update (german)"},"content":{"rendered":"<div class=\"wp-block-columns is-layout-flex wp-container-core-columns-is-layout-7387b849 wp-block-columns-is-layout-flex\" style=\"font-size:13px\">\n<div class=\"wp-block-column is-layout-flow wp-block-column-is-layout-flow\" style=\"flex-basis:50%\">\n<p class=\"wp-block-paragraph\">Vanessa Reip und Victoria Hartmann<\/p>\n<\/div>\n\n\n\n<div class=\"wp-block-column is-layout-flow wp-block-column-is-layout-flow\" style=\"flex-basis:50%\"><div class=\"has-text-align-right wp-block-post-date\"><time datetime=\"2023-12-22T10:46:22+01:00\">22. December 2023<\/time><\/div><\/div>\n<\/div>\n\n\n\n<p class=\"wp-block-paragraph\">Von Oktober bis Dezember stand f\u00fcr uns als AOS vor allem der O\u2019Science Day am 30.11.2023 stark im Mittelpunkt! Wir m\u00f6chten uns auf diesem Wege nochmal herzlich bei allen bedanken, die den Tag zu einem Erfolg gemacht haben!<\/p>\n\n\n\n<p class=\"wp-block-paragraph\">Wir haben uns aber nat\u00fcrlich auch weiterhin der Interdisziplinarit\u00e4t verschrieben und weiter Quellen auf verschiedenen Disziplinen gesammelt. Diese stellen wir heute in diesem Blogpost vor. Alle Quellen in der \u00dcbersicht findest du <a href=\"https:\/\/austrianoccupationalscience.com\/en\/interdisziplinaritaet\/\" data-type=\"page\" data-id=\"3938\">hier<\/a>. <\/p>\n\n\n\n<p class=\"has-text-align-center wp-block-paragraph\" style=\"margin-top:0;margin-bottom:0;padding-top:var(--wp--preset--spacing--20);padding-bottom:var(--wp--preset--spacing--20)\">Hier geht&#8217;s per Schnellklick zu den Empfehlungen<\/p>\n\n\n\n<div class=\"wp-block-columns is-layout-flex wp-container-core-columns-is-layout-9b647fb1 wp-block-columns-is-layout-flex\" style=\"margin-top:0;margin-bottom:0;padding-top:0;padding-bottom:0\">\n<div class=\"wp-block-column is-layout-flow wp-block-column-is-layout-flow\">\n<div class=\"wp-block-buttons is-layout-flex wp-block-buttons-is-layout-flex\">\n<div class=\"wp-block-button has-custom-width wp-block-button__width-100 has-custom-font-size is-style-circular\" style=\"font-size:13px\"><a class=\"wp-block-button__link has-background-color has-tertiary-background-color has-text-color has-background has-link-color wp-element-button\" href=\"#websites\" style=\"padding-top:var(--wp--preset--spacing--40);padding-bottom:var(--wp--preset--spacing--40)\">Websites<\/a><\/div>\n<\/div>\n<\/div>\n\n\n\n<div class=\"wp-block-column is-layout-flow wp-block-column-is-layout-flow\">\n<div class=\"wp-block-buttons is-layout-flex wp-block-buttons-is-layout-flex\">\n<div class=\"wp-block-button has-custom-width wp-block-button__width-100 has-custom-font-size is-style-circular\" style=\"font-size:13px\"><a class=\"wp-block-button__link has-background-color has-tertiary-background-color has-text-color has-background has-link-color wp-element-button\" href=\"#journals\" style=\"padding-top:var(--wp--preset--spacing--40);padding-bottom:var(--wp--preset--spacing--40)\">Journals<\/a><\/div>\n<\/div>\n<\/div>\n\n\n\n<div class=\"wp-block-column is-layout-flow wp-block-column-is-layout-flow\">\n<div class=\"wp-block-buttons is-layout-flex wp-block-buttons-is-layout-flex\">\n<div class=\"wp-block-button has-custom-width wp-block-button__width-100 has-custom-font-size is-style-circular\" style=\"font-size:13px\"><a class=\"wp-block-button__link has-background-color has-tertiary-background-color has-text-color has-background has-link-color wp-element-button\" href=\"#podcasts\" style=\"padding-top:var(--wp--preset--spacing--40);padding-bottom:var(--wp--preset--spacing--40)\">Podcasts<\/a><\/div>\n<\/div>\n<\/div>\n<\/div>\n\n\n\n<div style=\"height:35px\" aria-hidden=\"true\" class=\"wp-block-spacer\"><\/div>\n\n\n\n<figure class=\"wp-block-image size-full\"><img data-recalc-dims=\"1\" loading=\"lazy\" decoding=\"async\" width=\"750\" height=\"750\" data-attachment-id=\"3880\" data-permalink=\"https:\/\/austrianoccupationalscience.com\/en\/interdisziplinaerer-diskurs-in-der-occupational-science\/podcasts-1\/\" data-orig-file=\"https:\/\/i0.wp.com\/austrianoccupationalscience.com\/wp-content\/uploads\/2023\/09\/Podcasts-1.png?fit=1080%2C1080&amp;ssl=1\" data-orig-size=\"1080,1080\" data-comments-opened=\"1\" data-image-meta=\"{&quot;aperture&quot;:&quot;0&quot;,&quot;credit&quot;:&quot;&quot;,&quot;camera&quot;:&quot;&quot;,&quot;caption&quot;:&quot;&quot;,&quot;created_timestamp&quot;:&quot;0&quot;,&quot;copyright&quot;:&quot;&quot;,&quot;focal_length&quot;:&quot;0&quot;,&quot;iso&quot;:&quot;0&quot;,&quot;shutter_speed&quot;:&quot;0&quot;,&quot;title&quot;:&quot;&quot;,&quot;orientation&quot;:&quot;0&quot;}\" data-image-title=\"Podcasts-1\" data-image-description=\"\" data-image-caption=\"\" data-large-file=\"https:\/\/i0.wp.com\/austrianoccupationalscience.com\/wp-content\/uploads\/2023\/09\/Podcasts-1.png?fit=750%2C750&amp;ssl=1\" src=\"https:\/\/i0.wp.com\/austrianoccupationalscience.com\/wp-content\/uploads\/2023\/09\/Podcasts-1.png?resize=750%2C750&#038;ssl=1\" alt=\"\" class=\"wp-image-3880\" srcset=\"https:\/\/i0.wp.com\/austrianoccupationalscience.com\/wp-content\/uploads\/2023\/09\/Podcasts-1.png?w=1080&amp;ssl=1 1080w, https:\/\/i0.wp.com\/austrianoccupationalscience.com\/wp-content\/uploads\/2023\/09\/Podcasts-1.png?resize=300%2C300&amp;ssl=1 300w, https:\/\/i0.wp.com\/austrianoccupationalscience.com\/wp-content\/uploads\/2023\/09\/Podcasts-1.png?resize=1024%2C1024&amp;ssl=1 1024w, https:\/\/i0.wp.com\/austrianoccupationalscience.com\/wp-content\/uploads\/2023\/09\/Podcasts-1.png?resize=150%2C150&amp;ssl=1 150w, https:\/\/i0.wp.com\/austrianoccupationalscience.com\/wp-content\/uploads\/2023\/09\/Podcasts-1.png?resize=768%2C768&amp;ssl=1 768w, https:\/\/i0.wp.com\/austrianoccupationalscience.com\/wp-content\/uploads\/2023\/09\/Podcasts-1.png?resize=800%2C800&amp;ssl=1 800w, https:\/\/i0.wp.com\/austrianoccupationalscience.com\/wp-content\/uploads\/2023\/09\/Podcasts-1.png?resize=600%2C600&amp;ssl=1 600w, https:\/\/i0.wp.com\/austrianoccupationalscience.com\/wp-content\/uploads\/2023\/09\/Podcasts-1.png?resize=400%2C400&amp;ssl=1 400w, https:\/\/i0.wp.com\/austrianoccupationalscience.com\/wp-content\/uploads\/2023\/09\/Podcasts-1.png?resize=200%2C200&amp;ssl=1 200w\" sizes=\"auto, (max-width: 750px) 100vw, 750px\" \/><\/figure>\n\n\n\n<div style=\"height:35px\" aria-hidden=\"true\" class=\"wp-block-spacer\"><\/div>\n\n\n\n<div class=\"wp-block-coblocks-accordion\">\n<div class=\"wp-block-coblocks-accordion-item\"><\/div>\n<\/div>\n\n\n\n<h2 class=\"wp-block-heading\" id=\"websites\">Websites<\/h2>\n\n\n\n<p class=\"wp-block-paragraph\">Unsere Sammlung wird heute um zwei Websites ausgebaut, die Dir viele interdisziplin\u00e4re Informationen liefern.<\/p>\n\n\n\n<div class=\"wp-block-coblocks-accordion\">\n<div class=\"wp-block-coblocks-accordion-item\"><details><summary class=\"wp-block-coblocks-accordion-item__title\">EUPHA &#8211; European Public Health Association<\/summary><div class=\"wp-block-coblocks-accordion-item__content\">\n<p class=\"wp-block-paragraph\">Wir starten gleich mit <a href=\"https:\/\/eupha.org\/\">EUPHA<\/a>! Diese Abk\u00fcrzung steht f\u00fcr European Public Health Association und wurde 1992 gegr\u00fcndet.&nbsp;<\/p>\n\n\n\n<p class=\"wp-block-paragraph\">Ziel von EUPHA ist es, die einzelnen Public Health Associations in Europa zu vertreten und gemeinsam an der Gesundheit in Europa zu arbeiten.&nbsp;<\/p>\n\n\n\n<p class=\"wp-block-paragraph\">In regelm\u00e4\u00dfigen Abst\u00e4nden finden Konferenzen statt, Presseaussendungen zu aktuellen Themen werden verfasst und sie ver\u00f6ffentlichen sogar ein Journal.<\/p>\n<\/div><\/details><\/div>\n<\/div>\n\n\n\n<div class=\"wp-block-coblocks-accordion\">\n<div class=\"wp-block-coblocks-accordion-item\"><details><summary class=\"wp-block-coblocks-accordion-item__title\">CSOS &#8211; Canadian Society of Occupational Scientists<\/summary><div class=\"wp-block-coblocks-accordion-item__content\">\n<p class=\"wp-block-paragraph\">Eine weitere OS Seite, die Dir m\u00f6glicherweise schon einmal begegnet ist, geh\u00f6rt zur <a href=\"https:\/\/www.csoscanada.org\/\">Canadian Society of Occupational Scientists<\/a>.&nbsp;&nbsp;<\/p>\n\n\n\n<p class=\"wp-block-paragraph\">Unter anderem findest Du auf der Website Infos zu Occupation, Occupational Science und auch der Rolle von Occupational Scientist. Schau doch einmal rein.&nbsp;&nbsp;<\/p>\n<\/div><\/details><\/div>\n<\/div>\n\n\n\n<h2 class=\"wp-block-heading\" id=\"journals\">Journals&nbsp;<\/h2>\n\n\n\n<p class=\"wp-block-paragraph\">Auch dieses Quartal haben wir wieder ein paar interessante Journals samt einzelnen Open Access Artikeln f\u00fcr dich gefunden!<\/p>\n\n\n\n<div class=\"wp-block-coblocks-accordion\">\n<div class=\"wp-block-coblocks-accordion-item\"><details><summary class=\"wp-block-coblocks-accordion-item__title\">EUPHA &#8211; European Public Health Association<\/summary><div class=\"wp-block-coblocks-accordion-item__content\">\n<p class=\"wp-block-paragraph\">Weiter oben haben wir Dir EUPHA &#8211; European Public Health Association vorgestellt. Aber wusstest Du, dass diese auch ein Journal ver\u00f6ffentlichen?&nbsp;<\/p>\n\n\n\n<p class=\"wp-block-paragraph\">Das <a href=\"https:\/\/academic.oup.com\/eurpub\">European Journal of Public Health<\/a> (EJPH) ist eine multidisziplin\u00e4re Zeitschrift und ist vollst\u00e4ndig Open Access und erscheint alle zwei Monate.&nbsp;&nbsp;<\/p>\n\n\n\n<p class=\"wp-block-paragraph\">Wir m\u00f6chten Dir einen Artikel des dazugeh\u00f6rigen Journals vorstellen, der sich mit dem Einfluss der Musik auf das Wohlbefinden von Menschen befasst. Dien Autor*innen ging es vor allem darum, die biopsychosozialen Auswirkungen auf eine Bev\u00f6lkerung \u00fcber 40 Jahre zu bewerten.&nbsp;&nbsp;<\/p>\n\n\n\n<p class=\"is-style-info wp-block-paragraph\">Erica Viola, Marco Martorana, Chiara Airoldi, Cristina Meini, Daniele Ceriotti, Marta De Vito, Damiano De Ambrosi, Fabrizio Faggiano, The role of music in promoting health and wellbeing: a systematic review and meta-analysis,&nbsp;<em>European Journal of Public Health<\/em>, Volume 33, Issue 4, August 2023, Pages 738\u201345,&nbsp;<a href=\"https:\/\/doi.org\/10.1093\/eurpub\/ckad063\">https:\/\/doi.org\/10.1093\/eurpub\/ckad063<\/a><\/p>\n\n\n\n<p class=\"wp-block-paragraph\">Du bist gespannt auf die Ergebnisse? <a href=\"https:\/\/academic.oup.com\/eurpub\/article\/33\/4\/738\/7199198\">Here <\/a>geht&#8217;s zum Artikel. <\/p>\n<\/div><\/details><\/div>\n\n\n\n<div class=\"wp-block-coblocks-accordion-item\"><details><summary class=\"wp-block-coblocks-accordion-item__title\">French Journal of Occupational Therapy<\/summary><div class=\"wp-block-coblocks-accordion-item__content\">\n<p class=\"wp-block-paragraph\">Spannend f\u00fcr alle unsere frankophilen kann folgendes Journal sein: Das <a href=\"https:\/\/fjot.anfe.fr\/index.php\/fjot\/index\">French Journal of Occupational Therapy<\/a><\/p>\n\n\n\n<p class=\"wp-block-paragraph\">Im digitalen, open access Journal werden k\u00fcnftig Artikel rund um Handlung und alle Themen in Bezug zur Occupational Science gepostet.<\/p>\n<\/div><\/details><\/div>\n\n\n\n<div class=\"wp-block-coblocks-accordion-item\"><details><summary class=\"wp-block-coblocks-accordion-item__title\">Journal of Social Work<\/summary><div class=\"wp-block-coblocks-accordion-item__content\">\n<p class=\"wp-block-paragraph\">H\u00e4ttest Du gewusst, dass die Handlungswissenschaft auch in der Sozialarbeit eine gro\u00dfe Rolle spielt?&nbsp;&nbsp;<\/p>\n\n\n\n<p class=\"wp-block-paragraph\">Im <a href=\"https:\/\/journals.sagepub.com\/home\/JSW\">Journal of Social Work<\/a> findest Du viele Open Access Artikel, die sich mit der OS besch\u00e4ftigen. Das Journal wird seit mittlerweile 2001 ver\u00f6ffentlicht und bietet Dir evidenzbasierte Artikel rund um das Thema Soziale Arbeit.&nbsp;<\/p>\n\n\n\n<p class=\"wp-block-paragraph\">Wir haben f\u00fcr Dich einen spannenden Artikel ausgew\u00e4hlt, der sich mit Tageszentren f\u00fcr Senioren befasst und wie sich diese auf das Wohlbefinden (Wellbeing) der Besucher*innen auswirkt! Hierf\u00fcr wurden Interviews mit dem Personal, Sozialarbeiter*innen aber auch mit den Besucher*innen der Tageszentren gef\u00fchrt und ausgewertet. <\/p>\n\n\n\n<p class=\"is-style-info wp-block-paragraph\">Orellana, K., Manthorpe, J., &amp; Tinker, A. (2021). Choice, control and person-centredness in day centres for older people.&nbsp;<em>Journal of Social Work<\/em>,&nbsp;<em>21<\/em>(6), 1315-1338.&nbsp;<a href=\"https:\/\/doi.org\/10.1177\/1468017320952255\">https:\/\/doi.org\/10.1177\/1468017320952255<\/a><\/p>\n\n\n\n<p class=\"wp-block-paragraph\">Du bist gespannt auf die Ergebnisse? <a href=\"https:\/\/journals.sagepub.com\/doi\/10.1177\/1468017320952255\">Here <\/a>geht&#8217;s zum Artikel. <\/p>\n<\/div><\/details><\/div>\n\n\n\n<div class=\"wp-block-coblocks-accordion-item\"><details><summary class=\"wp-block-coblocks-accordion-item__title\">Journal of the Society of Social Work and Research<\/summary><div class=\"wp-block-coblocks-accordion-item__content\">\n<p class=\"wp-block-paragraph\">Ein weiteres interessantes Journal ist das <a href=\"https:\/\/www.journals.uchicago.edu\/doi\/10.1086\/714310\">Journal of the Society of Social Work and Research<\/a>!<\/p>\n\n\n\n<p class=\"wp-block-paragraph\">Dieses interdisziplin\u00e4re Journal ver\u00f6ffentlicht peer-reviewte Artikel rund um komplexe soziale Probleme, methodologische Aspekte, Interventionen und Initativen im Hinblick auf soziale Ver\u00e4nderungen.&nbsp; Es finden sich immer wieder freiverf\u00fcgbare Artikel, wie zum Beispiel zu partizipativer, quantitativer Forschung mit Personen mit Migrationshintergrund von Cheryl Zlotnick.<\/p>\n<\/div><\/details><\/div>\n<\/div>\n\n\n\n<h2 class=\"wp-block-heading\" id=\"podcasts\">Podcasts<\/h2>\n\n\n\n<p class=\"wp-block-paragraph\">Nicht nur Journals k\u00f6nnen interessant sein, sondern es gibt in der Welt der Handlungswissenschaft auch sehr viele spannende Podcasts.<\/p>\n\n\n\n<div class=\"wp-block-coblocks-accordion\">\n<div class=\"wp-block-coblocks-accordion-item\"><details><summary class=\"wp-block-coblocks-accordion-item__title\">Evidenz auf die Ohren<\/summary><div class=\"wp-block-coblocks-accordion-item__content\">\n<p class=\"wp-block-paragraph\">Kennst Du z.B. schon den Podcast \u201c<a href=\"https:\/\/open.spotify.com\/show\/5EKrXrhzgwu6r52UN16tML\">Evidenz auf die Ohren<\/a>\u201d?&nbsp;&nbsp;<\/p>\n\n\n\n<p class=\"wp-block-paragraph\">In diesem Podcast dreht sich alles rund um Evidenzbasierung in der Ergotherapie. Allen handlungswissenschaftlich interessierten Personen k\u00f6nnen wir ganz besonders auch die <a href=\"https:\/\/open.spotify.com\/episode\/6VpTaI5q5ijQh7uG6xVyPK?si=67bd396f3383449b\">Folge #12<\/a> zu Gesundheitskompetenz, und damit verbunden auch sozialen Determinanten der Gesundheit, empfehlen.&nbsp;<\/p>\n<\/div><\/details><\/div>\n<\/div>","protected":false},"excerpt":{"rendered":"<p>Vanessa Reip und Victoria Hartmann Von Oktober bis Dezember stand f\u00fcr uns als AOS vor allem der O\u2019Science Day am 30.11.2023 stark im Mittelpunkt! Wir m\u00f6chten uns auf diesem Wege<a class=\"more-link\" href=\"https:\/\/austrianoccupationalscience.com\/en\/aos-foerdert-den-interdisziplinaeren-diskus-update\/\">Continue reading <span class=\"screen-reader-text\">&#8222;AOS f\u00f6rdert den interdisziplin\u00e4ren Diskus &#8211; Update&#8220;<\/span><\/a><\/p>","protected":false},"author":188005436,"featured_media":3857,"comment_status":"closed","ping_status":"closed","sticky":false,"template":"","format":"standard","meta":{"_coblocks_attr":"","_coblocks_dimensions":"","_coblocks_responsive_height":"","_coblocks_accordion_ie_support":"","_crdt_document":"","advanced_seo_description":"","jetpack_seo_html_title":"","jetpack_seo_noindex":false,"_EventAllDay":false,"_EventTimezone":"","_EventStartDate":"","_EventEndDate":"","_EventStartDateUTC":"","_EventEndDateUTC":"","_EventShowMap":false,"_EventShowMapLink":false,"_EventURL":"","_EventCost":"","_EventCostDescription":"","_EventCurrencySymbol":"","_EventCurrencyCode":"","_EventCurrencyPosition":"","_EventDateTimeSeparator":"","_EventTimeRangeSeparator":"","_EventOrganizerID":[],"_EventVenueID":[],"_OrganizerEmail":"","_OrganizerPhone":"","_OrganizerWebsite":"","_VenueAddress":"","_VenueCity":"","_VenueCountry":"","_VenueProvince":"","_VenueState":"","_VenueZip":"","_VenuePhone":"","_VenueURL":"","_VenueStateProvince":"","_VenueLat":"","_VenueLng":"","_VenueShowMap":false,"_VenueShowMapLink":false,"_jetpack_newsletter_access":"","_jetpack_dont_email_post_to_subs":false,"_jetpack_newsletter_tier_id":0,"_jetpack_memberships_contains_paywalled_content":false,"_jetpack_memberships_contains_paid_content":false,"footnotes":"","jetpack_publicize_message":"","jetpack_publicize_feature_enabled":true,"jetpack_social_post_already_shared":true,"jetpack_social_options":{"image_generator_settings":{"template":"highway","default_image_id":0,"font":"","enabled":false},"version":2},"_wpas_customize_per_network":false,"jetpack_post_was_ever_published":false},"categories":[702376335],"tags":[17391330],"class_list":["post-4299","post","type-post","status-publish","format-standard","has-post-thumbnail","hentry","category-blog","tag-occupational-science","entry"],"jetpack_publicize_connections":[],"jetpack_featured_media_url":"https:\/\/i0.wp.com\/austrianoccupationalscience.com\/wp-content\/uploads\/2023\/09\/Podcasts.png?fit=1080%2C1080&ssl=1","jetpack_likes_enabled":true,"jetpack_sharing_enabled":true,"jetpack_shortlink":"https:\/\/wp.me\/pcby3z-17l","jetpack-related-posts":[{"id":3850,"url":"https:\/\/austrianoccupationalscience.com\/en\/interdisziplinaerer-diskurs-in-der-occupational-science\/","url_meta":{"origin":4299,"position":0},"title":"Interdisciplinary Discourse in Occupational Science (german)","author":"Austrian Association of Occupational Science","date":"28. September 2023","format":false,"excerpt":"Vanessa Reip und Victoria Hartmann Im dritten Quartal 2023 wollten wir als AOS Dir zus\u00e4tzlich zu den bereits etablierten interdisziplin\u00e4ren Journals noch weitere Medien rund um die Handlungswissenschaft vorstellen. Dich erwartet in diesem Blogbeitrag nun eine Sammlung von Podcasts, Videos, Literatur und vieles mehr. Neben den bereits erfolgten Posts auf\u2026","rel":"","context":"In &quot;Blog&quot;","block_context":{"text":"Blog","link":"https:\/\/austrianoccupationalscience.com\/en\/category\/blog\/"},"img":{"alt_text":"","src":"https:\/\/i0.wp.com\/austrianoccupationalscience.com\/wp-content\/uploads\/2023\/09\/Podcasts.png?fit=1080%2C1080&ssl=1&resize=350%2C200","width":350,"height":200,"srcset":"https:\/\/i0.wp.com\/austrianoccupationalscience.com\/wp-content\/uploads\/2023\/09\/Podcasts.png?fit=1080%2C1080&ssl=1&resize=350%2C200 1x, https:\/\/i0.wp.com\/austrianoccupationalscience.com\/wp-content\/uploads\/2023\/09\/Podcasts.png?fit=1080%2C1080&ssl=1&resize=525%2C300 1.5x, https:\/\/i0.wp.com\/austrianoccupationalscience.com\/wp-content\/uploads\/2023\/09\/Podcasts.png?fit=1080%2C1080&ssl=1&resize=700%2C400 2x, https:\/\/i0.wp.com\/austrianoccupationalscience.com\/wp-content\/uploads\/2023\/09\/Podcasts.png?fit=1080%2C1080&ssl=1&resize=1050%2C600 3x"},"classes":[]},{"id":1675,"url":"https:\/\/austrianoccupationalscience.com\/en\/literature-friday-interessante-quellen-rund-um-die-occupational-science\/","url_meta":{"origin":4299,"position":1},"title":"Literature-Friday \u2013 Interesting sources around Occupational Science (german)","author":"Austrian Association of Occupational Science","date":"16. December 2021","format":false,"excerpt":"Katrin Pechst\u00e4dt, Magdalena Schl\u00f6gl, Miriam Berger, Mona D\u00fcr Von September bis Dezember 2021 haben wir am \u201cLiterature-Friday\u201d die Gelegenheit genutzt, Euch\u00a0interessante Quellen (B\u00fccher, Artikel, Beitr\u00e4ge) rund um die\u00a0Occupational\u00a0Science\u00a0zusammenfassend vorzustellen und\u00a0dabei Ableitungen f\u00fcr die\u00a0ergotherapeutische Praxis\u00a0hergestellt.\u00a0Durch diesen Blogbeitrag, in dem Ihr eine Zusammenfassung der vorgestellten Quellen findet, m\u00f6chten wir Euren Berufsalltag als\u2026","rel":"","context":"In &quot;Blog&quot;","block_context":{"text":"Blog","link":"https:\/\/austrianoccupationalscience.com\/en\/category\/blog\/"},"img":{"alt_text":"Blogbeitrag Literature Friday_17.12.","src":"https:\/\/i0.wp.com\/austrianoccupationalscience.com\/wp-content\/uploads\/2021\/12\/17.12.-Blogbeitrag-Literature-Friday.png?fit=1080%2C1080&ssl=1&resize=350%2C200","width":350,"height":200,"srcset":"https:\/\/i0.wp.com\/austrianoccupationalscience.com\/wp-content\/uploads\/2021\/12\/17.12.-Blogbeitrag-Literature-Friday.png?fit=1080%2C1080&ssl=1&resize=350%2C200 1x, https:\/\/i0.wp.com\/austrianoccupationalscience.com\/wp-content\/uploads\/2021\/12\/17.12.-Blogbeitrag-Literature-Friday.png?fit=1080%2C1080&ssl=1&resize=525%2C300 1.5x, https:\/\/i0.wp.com\/austrianoccupationalscience.com\/wp-content\/uploads\/2021\/12\/17.12.-Blogbeitrag-Literature-Friday.png?fit=1080%2C1080&ssl=1&resize=700%2C400 2x, https:\/\/i0.wp.com\/austrianoccupationalscience.com\/wp-content\/uploads\/2021\/12\/17.12.-Blogbeitrag-Literature-Friday.png?fit=1080%2C1080&ssl=1&resize=1050%2C600 3x"},"classes":[]},{"id":5356,"url":"https:\/\/austrianoccupationalscience.com\/en\/fuer-dich-publiziert\/","url_meta":{"origin":4299,"position":2},"title":"Published for you! (german)","author":"Austrian Association of Occupational Science","date":"25. July 2024","format":false,"excerpt":"Publikationen von AOS - Austrian Association of Occupational Science Wusstest Du, dass wir von AOS immer wieder in verschiedenen Fachzeitschriften publizieren?In den letzten Wochen haben wir auf Social Media immer wieder einzelne Beitr\u00e4ge vorgestelltund haben jetzt noch bessere Nachrichten: Als Mitglied von AOS kannst Du alle unserer bisher publizierten Artikel\u2026","rel":"","context":"In &quot;Nicht kategorisiert&quot;","block_context":{"text":"Nicht kategorisiert","link":"https:\/\/austrianoccupationalscience.com\/en\/category\/nicht-kategorisiert-de\/"},"img":{"alt_text":"","src":"https:\/\/i0.wp.com\/austrianoccupationalscience.com\/wp-content\/uploads\/2024\/07\/thumbnail_AOS5.png?fit=960%2C960&ssl=1&resize=350%2C200","width":350,"height":200,"srcset":"https:\/\/i0.wp.com\/austrianoccupationalscience.com\/wp-content\/uploads\/2024\/07\/thumbnail_AOS5.png?fit=960%2C960&ssl=1&resize=350%2C200 1x, https:\/\/i0.wp.com\/austrianoccupationalscience.com\/wp-content\/uploads\/2024\/07\/thumbnail_AOS5.png?fit=960%2C960&ssl=1&resize=525%2C300 1.5x, https:\/\/i0.wp.com\/austrianoccupationalscience.com\/wp-content\/uploads\/2024\/07\/thumbnail_AOS5.png?fit=960%2C960&ssl=1&resize=700%2C400 2x"},"classes":[]},{"id":1422,"url":"https:\/\/austrianoccupationalscience.com\/en\/occupational-science-gesellschaften-dieser-welt\/","url_meta":{"origin":4299,"position":3},"title":"Occupational Science \u2013 Societies of this world (german)","author":"Austrian Association of Occupational Science","date":"3. September 2021","format":false,"excerpt":"Katrin Pechst\u00e4dt, Magdalena Schl\u00f6gl, Miriam Berger, Thomas Morgenthaler, Anna R\u00f6schel Zur\u00fcck in \u00d6sterreich von unserer medialen Sommerreise m\u00f6chten wir Euch eine Zusammenfassung dar\u00fcber bieten, welche OS-Gesellschaften ihr weltweit finden k\u00f6nnt. W\u00e4hrend wir bei unserer Sommerreise in den Social-Media-Kan\u00e4len \u00d6sterreich als Ausgangspunkt unserer Reise gew\u00e4hlt haben und davon ausgehend in immer\u2026","rel":"","context":"In &quot;Blog&quot;","block_context":{"text":"Blog","link":"https:\/\/austrianoccupationalscience.com\/en\/category\/blog\/"},"img":{"alt_text":"","src":"https:\/\/i0.wp.com\/austrianoccupationalscience.com\/wp-content\/uploads\/2021\/09\/img_9039.jpg?fit=960%2C960&ssl=1&resize=350%2C200","width":350,"height":200,"srcset":"https:\/\/i0.wp.com\/austrianoccupationalscience.com\/wp-content\/uploads\/2021\/09\/img_9039.jpg?fit=960%2C960&ssl=1&resize=350%2C200 1x, https:\/\/i0.wp.com\/austrianoccupationalscience.com\/wp-content\/uploads\/2021\/09\/img_9039.jpg?fit=960%2C960&ssl=1&resize=525%2C300 1.5x, https:\/\/i0.wp.com\/austrianoccupationalscience.com\/wp-content\/uploads\/2021\/09\/img_9039.jpg?fit=960%2C960&ssl=1&resize=700%2C400 2x"},"classes":[]},{"id":3653,"url":"https:\/\/austrianoccupationalscience.com\/en\/interdisziplinaere-journals-mit-bezug-zu-occupational-science\/","url_meta":{"origin":4299,"position":4},"title":"Interdisciplinary journals related to Occupational Science (german)","author":"Austrian Association of Occupational Science","date":"26. June 2023","format":false,"excerpt":"Vanessa Reip und Victoria Hartmann Im zweiten Quartal 2023 haben wir als Medienreferentinnen f\u00fcr Dich Journals, die f\u00fcr an Occupational Science interessierte Person spannend sein k\u00f6nnten, herausgesucht. Dabei haben wir Journals aus der Occupational Science, Sozialen Arbeit, Public Health und Ergotherapie ausgew\u00e4hlt, die wir genauer vorgestellt haben. Aus jedem Journal\u2026","rel":"","context":"In &quot;Blog&quot;","block_context":{"text":"Blog","link":"https:\/\/austrianoccupationalscience.com\/en\/category\/blog\/"},"img":{"alt_text":"","src":"https:\/\/i0.wp.com\/austrianoccupationalscience.com\/wp-content\/uploads\/2023\/06\/2023-06-30-2.png?fit=1080%2C1080&ssl=1&resize=350%2C200","width":350,"height":200,"srcset":"https:\/\/i0.wp.com\/austrianoccupationalscience.com\/wp-content\/uploads\/2023\/06\/2023-06-30-2.png?fit=1080%2C1080&ssl=1&resize=350%2C200 1x, https:\/\/i0.wp.com\/austrianoccupationalscience.com\/wp-content\/uploads\/2023\/06\/2023-06-30-2.png?fit=1080%2C1080&ssl=1&resize=525%2C300 1.5x, https:\/\/i0.wp.com\/austrianoccupationalscience.com\/wp-content\/uploads\/2023\/06\/2023-06-30-2.png?fit=1080%2C1080&ssl=1&resize=700%2C400 2x, https:\/\/i0.wp.com\/austrianoccupationalscience.com\/wp-content\/uploads\/2023\/06\/2023-06-30-2.png?fit=1080%2C1080&ssl=1&resize=1050%2C600 3x"},"classes":[]},{"id":1708,"url":"https:\/\/austrianoccupationalscience.com\/en\/handlungswissenschaft-in-den-curricula-der-oesterreichischen-ergotherapie-studiengaenge\/","url_meta":{"origin":4299,"position":5},"title":"Occupational Science in the Austrian occupational therapy curricula (german)","author":"Austrian Association of Occupational Science","date":"19. December 2021","format":false,"excerpt":"Katrin Pechst\u00e4dt und Magdalena Schl\u00f6gl gemeinsam mit den \u00f6sterreichischen Ergotherapie-Studieng\u00e4ngen Im Beitrag \u201eBet\u00e4tigung verstehen. Occupational Science\u201c von Florence Kranz (2017) (siehe Blogbeitrag \u201eLiterature-Friday \u2013 Interessante Quellen rund um die Occupational Science\u201c) wird beschrieben, dass die Occupational\u00a0Science (OS) f\u00fcr Ergotherapeut:innen \u201eden gleichen Stellenwert wie Anatomie und Physiologie f\u00fcr die Medizin\u201c hat.\u2026","rel":"","context":"In &quot;Blog&quot;","block_context":{"text":"Blog","link":"https:\/\/austrianoccupationalscience.com\/en\/category\/blog\/"},"img":{"alt_text":"","src":"https:\/\/i0.wp.com\/austrianoccupationalscience.com\/wp-content\/uploads\/2021\/12\/20.12.-Curr-Blogbeitrag.png?fit=1080%2C1080&ssl=1&resize=350%2C200","width":350,"height":200,"srcset":"https:\/\/i0.wp.com\/austrianoccupationalscience.com\/wp-content\/uploads\/2021\/12\/20.12.-Curr-Blogbeitrag.png?fit=1080%2C1080&ssl=1&resize=350%2C200 1x, https:\/\/i0.wp.com\/austrianoccupationalscience.com\/wp-content\/uploads\/2021\/12\/20.12.-Curr-Blogbeitrag.png?fit=1080%2C1080&ssl=1&resize=525%2C300 1.5x, https:\/\/i0.wp.com\/austrianoccupationalscience.com\/wp-content\/uploads\/2021\/12\/20.12.-Curr-Blogbeitrag.png?fit=1080%2C1080&ssl=1&resize=700%2C400 2x, https:\/\/i0.wp.com\/austrianoccupationalscience.com\/wp-content\/uploads\/2021\/12\/20.12.-Curr-Blogbeitrag.png?fit=1080%2C1080&ssl=1&resize=1050%2C600 3x"},"classes":[]}],"_links":{"self":[{"href":"https:\/\/austrianoccupationalscience.com\/en\/wp-json\/wp\/v2\/posts\/4299","targetHints":{"allow":["GET"]}}],"collection":[{"href":"https:\/\/austrianoccupationalscience.com\/en\/wp-json\/wp\/v2\/posts"}],"about":[{"href":"https:\/\/austrianoccupationalscience.com\/en\/wp-json\/wp\/v2\/types\/post"}],"author":[{"embeddable":true,"href":"https:\/\/austrianoccupationalscience.com\/en\/wp-json\/wp\/v2\/users\/188005436"}],"replies":[{"embeddable":true,"href":"https:\/\/austrianoccupationalscience.com\/en\/wp-json\/wp\/v2\/comments?post=4299"}],"version-history":[{"count":38,"href":"https:\/\/austrianoccupationalscience.com\/en\/wp-json\/wp\/v2\/posts\/4299\/revisions"}],"predecessor-version":[{"id":4740,"href":"https:\/\/austrianoccupationalscience.com\/en\/wp-json\/wp\/v2\/posts\/4299\/revisions\/4740"}],"wp:featuredmedia":[{"embeddable":true,"href":"https:\/\/austrianoccupationalscience.com\/en\/wp-json\/wp\/v2\/media\/3857"}],"wp:attachment":[{"href":"https:\/\/austrianoccupationalscience.com\/en\/wp-json\/wp\/v2\/media?parent=4299"}],"wp:term":[{"taxonomy":"category","embeddable":true,"href":"https:\/\/austrianoccupationalscience.com\/en\/wp-json\/wp\/v2\/categories?post=4299"},{"taxonomy":"post_tag","embeddable":true,"href":"https:\/\/austrianoccupationalscience.com\/en\/wp-json\/wp\/v2\/tags?post=4299"}],"curies":[{"name":"wp","href":"https:\/\/api.w.org\/{rel}","templated":true}]}}